{
    "id": 11030,
    "date": "2025-12-23T12:48:51",
    "date_gmt": "2025-12-23T12:48:51",
    "guid": {
        "rendered": "https:\/\/lornaearth.com\/?post_type=product&#038;p=11030"
    },
    "modified": "2025-12-23T13:21:52",
    "modified_gmt": "2025-12-23T13:21:52",
    "slug": "set-acondicionador-ajen",
    "status": "publish",
    "type": "product",
    "link": "https:\/\/lornaearth.com\/es\/producto\/set-acondicionador-ajen\/",
    "title": {
        "rendered": "SET ACONDICIONADOR AJEN"
    },
    "content": {
        "rendered": "<p class=\"p1\">El acondicionador de Ajen Care nutre y suaviza el cabello en profundidad. Su f\u00f3rmula de 98% origen natural ayuda a cuidar la fibra capilar, dejando el pelo m\u00e1s brillante, sedoso y f\u00e1cil de peinar.<\/p>\n<p class=\"p1\">Est\u00e1 pensado para un uso diario y para todo tipo de cabellos.<\/p>\n<p class=\"p1\">El producto se presenta en formato <span class=\"s1\">recargable y sostenible<\/span> para reducir residuos pl\u00e1sticos y acompa\u00f1ar rutinas de belleza m\u00e1s amables con el entorno<\/p>\n<p class=\"p1\"><b>Fragancias disponibles:<\/b><b><\/b><\/p>\n<p class=\"p2\">\u2022 <span class=\"s1\"><b>Citruspeper<\/b><\/span> \u2013 Una fragancia <span class=\"s1\"><b>c\u00edtrica y energizante<\/b><\/span> con notas de lim\u00f3n, mandarina y bergamota combinadas con jengibre picante, pimienta negra y salvia, que deja un aroma fresco y edificante.<span class=\"Apple-converted-space\">\u00a0 <\/span><\/p>\n<p class=\"p2\">\u2022 <span class=\"s1\"><b>Wilderloof<\/b><\/span> \u2013 Un aroma <span class=\"s1\"><b>amaderado, sutil y relajante<\/b><\/span> con notas de madera de cedro, clavo, \u00e1mbar y coriandro que ofrece una experiencia olfativa m\u00e1s equilibrada y fresca.<\/p>\n<p>{{detalles}}<\/p>\n<p>\u00b7 Hecho en Holanda<\/p>\n<p>\u00b7 98% de ingredientes de origen natural.<\/p>\n<p>\u00b7 450 ml<\/p>\n<p>{{\/detalles}}<\/p>\n<p>{{instrucciones}}<\/p>\n<p>{{\/instrucciones}}<\/p>",
        "protected": false
    },
    "excerpt": {
        "rendered": "<p>El acondicionador de Ajen Care nutre y suaviza el cabello en profundidad. Su f\u00f3rmula de 98% origen natural ayuda a cuidar la fibra capilar, dejando el pelo m\u00e1s brillante, sedoso y f\u00e1cil de peinar. Est\u00e1 pensado para un uso diario y para todo tipo de cabellos. El producto se presenta en formato recargable y sostenible<a class=\"more-link\" href=\"https:\/\/lornaearth.com\/es\/producto\/set-acondicionador-ajen\/\">Ver m\u00e1s  &#10230;<\/a><\/p>",
        "protected": false
    },
    "featured_media": 11040,
    "template": "",
    "meta": {
        "om_disable_all_campaigns": false,
        "_monsterinsights_skip_tracking": false,
        "_monsterinsights_sitenote_active": false,
        "_monsterinsights_sitenote_note": "",
        "_monsterinsights_sitenote_category": 0,
        "_uf_show_specific_survey": 0,
        "_uf_disable_surveys": false
    },
    "product_brand": [],
    "product_cat": [
        70,
        103
    ],
    "product_tag": [],
    "class_list": {
        "0": "post-11030",
        "1": "product",
        "2": "type-product",
        "3": "status-publish",
        "4": "has-post-thumbnail",
        "6": "product_cat-autocuidado",
        "7": "product_cat-under-50",
        "9": "first",
        "10": "instock",
        "11": "taxable",
        "12": "shipping-taxable",
        "13": "purchasable",
        "14": "product-type-variable"
    },
    "_links": {
        "self": [
            {
                "href": "https:\/\/lornaearth.com\/es\/wp-json\/wp\/v2\/product\/11030",
                "targetHints": {
                    "allow": [
                        "GET"
                    ]
                }
            }
        ],
        "collection": [
            {
                "href": "https:\/\/lornaearth.com\/es\/wp-json\/wp\/v2\/product"
            }
        ],
        "about": [
            {
                "href": "https:\/\/lornaearth.com\/es\/wp-json\/wp\/v2\/types\/product"
            }
        ],
        "wp:featuredmedia": [
            {
                "embeddable": true,
                "href": "https:\/\/lornaearth.com\/es\/wp-json\/wp\/v2\/media\/11040"
            }
        ],
        "wp:attachment": [
            {
                "href": "https:\/\/lornaearth.com\/es\/wp-json\/wp\/v2\/media?parent=11030"
            }
        ],
        "wp:term": [
            {
                "taxonomy": "product_brand",
                "embeddable": true,
                "href": "https:\/\/lornaearth.com\/es\/wp-json\/wp\/v2\/product_brand?post=11030"
            },
            {
                "taxonomy": "product_cat",
                "embeddable": true,
                "href": "https:\/\/lornaearth.com\/es\/wp-json\/wp\/v2\/product_cat?post=11030"
            },
            {
                "taxonomy": "product_tag",
                "embeddable": true,
                "href": "https:\/\/lornaearth.com\/es\/wp-json\/wp\/v2\/product_tag?post=11030"
            }
        ],
        "curies": [
            {
                "name": "wp",
                "href": "https:\/\/api.w.org\/{rel}",
                "templated": true
            }
        ]
    }
}