{
    "id": 10398,
    "date": "2025-10-19T10:16:24",
    "date_gmt": "2025-10-19T10:16:24",
    "guid": {
        "rendered": "https:\/\/lornaearth.com\/?post_type=product&#038;p=10398"
    },
    "modified": "2026-02-08T11:11:43",
    "modified_gmt": "2026-02-08T11:11:43",
    "slug": "awen-falda",
    "status": "publish",
    "type": "product",
    "link": "http:\/\/lornaearth.com\/es\/producto\/awen-falda\/",
    "title": {
        "rendered": "AWEN FALDA CREMA"
    },
    "content": {
        "rendered": "<p><span data-start=\"147\" data-end=\"178\">Deslumbra con la falda Awen<\/span>, una pieza que encarna la esencia de lo contempor\u00e1neamente chic: moderna, especial y sostenible.<br data-start=\"275\" data-end=\"278\" \/>Confeccionada en el algod\u00f3n org\u00e1nico m\u00e1s suave, presenta un tono crema delicado con un elegante detalle negro en el bajo.<br data-start=\"399\" data-end=\"402\" \/>Su largo midi y cinturilla el\u00e1stica ofrecen comodidad sin renunciar al estilo.<\/p>\n<p>{{detalles}}<\/p>\n<p><span class=\"fontstyle0\">Tejido: 100% Algod\u00f3n org\u00e1nico<br \/>\nColor: crema y negro<br \/>\nHecho en Espa\u00f1a<\/span><\/p>\n<p>{{\/detalles}}<\/p>\n<p>{{mima_tu_prenda}}<\/p>\n<p><span class=\"fontstyle0\"> Lavado a mano con agua fr\u00eda, no blanquear, no planchar, no limpiar en seco. <\/span><span class=\"fontstyle0\">No es recomendable utilizar suavizante. <\/span><\/p>\n<p><span class=\"fontstyle0\">Aprende a cuidar de tus prendas respetando el planeta <a href=\"https:\/\/lornaearth.com\/es\/lorna-laundry-guide\/\">aqu\u00ed.<\/a><\/span><\/p>\n<p>{{\/mima_tu_prenda}}<\/p>",
        "protected": false
    },
    "excerpt": {
        "rendered": "<p>Deslumbra con la falda Awen, una pieza que encarna la esencia de lo contempor\u00e1neamente chic: moderna, especial y sostenible.Confeccionada en el algod\u00f3n org\u00e1nico m\u00e1s suave, presenta un tono crema delicado con un elegante detalle negro en el bajo.Su largo midi y cinturilla el\u00e1stica ofrecen comodidad sin renunciar al estilo. {{detalles}} Tejido: 100% Algod\u00f3n org\u00e1nico Color:<a class=\"more-link\" href=\"http:\/\/lornaearth.com\/es\/producto\/awen-falda\/\">Ver m\u00e1s  &#10230;<\/a><\/p>",
        "protected": false
    },
    "featured_media": 10402,
    "template": "",
    "meta": {
        "om_disable_all_campaigns": false,
        "_monsterinsights_skip_tracking": false,
        "_monsterinsights_sitenote_active": false,
        "_monsterinsights_sitenote_note": "",
        "_monsterinsights_sitenote_category": 0,
        "_uf_show_specific_survey": 0,
        "_uf_disable_surveys": false
    },
    "product_brand": [],
    "product_cat": [
        25,
        72
    ],
    "product_tag": [],
    "class_list": {
        "0": "post-10398",
        "1": "product",
        "2": "type-product",
        "3": "status-publish",
        "4": "has-post-thumbnail",
        "6": "product_cat-colecciones",
        "7": "product_cat-pantalones-faldas",
        "9": "first",
        "10": "instock",
        "11": "taxable",
        "12": "shipping-taxable",
        "13": "purchasable",
        "14": "product-type-variable"
    },
    "_links": {
        "self": [
            {
                "href": "http:\/\/lornaearth.com\/es\/wp-json\/wp\/v2\/product\/10398",
                "targetHints": {
                    "allow": [
                        "GET"
                    ]
                }
            }
        ],
        "collection": [
            {
                "href": "http:\/\/lornaearth.com\/es\/wp-json\/wp\/v2\/product"
            }
        ],
        "about": [
            {
                "href": "http:\/\/lornaearth.com\/es\/wp-json\/wp\/v2\/types\/product"
            }
        ],
        "wp:featuredmedia": [
            {
                "embeddable": true,
                "href": "http:\/\/lornaearth.com\/es\/wp-json\/wp\/v2\/media\/10402"
            }
        ],
        "wp:attachment": [
            {
                "href": "http:\/\/lornaearth.com\/es\/wp-json\/wp\/v2\/media?parent=10398"
            }
        ],
        "wp:term": [
            {
                "taxonomy": "product_brand",
                "embeddable": true,
                "href": "http:\/\/lornaearth.com\/es\/wp-json\/wp\/v2\/product_brand?post=10398"
            },
            {
                "taxonomy": "product_cat",
                "embeddable": true,
                "href": "http:\/\/lornaearth.com\/es\/wp-json\/wp\/v2\/product_cat?post=10398"
            },
            {
                "taxonomy": "product_tag",
                "embeddable": true,
                "href": "http:\/\/lornaearth.com\/es\/wp-json\/wp\/v2\/product_tag?post=10398"
            }
        ],
        "curies": [
            {
                "name": "wp",
                "href": "https:\/\/api.w.org\/{rel}",
                "templated": true
            }
        ]
    }
}